{"id":7544,"date":"2025-11-12T22:17:02","date_gmt":"2025-11-12T21:17:02","guid":{"rendered":"https:\/\/soussewetter.de\/meteo\/?p=7544"},"modified":"2025-11-12T22:17:02","modified_gmt":"2025-11-12T21:17:02","slug":"tunesien-zwei-tunesische-staedte-unter-hoechster-oekologischer-alarmstufe","status":"publish","type":"post","link":"https:\/\/soussewetter.de\/meteo\/2025\/11\/12\/tunesien-zwei-tunesische-staedte-unter-hoechster-oekologischer-alarmstufe\/","title":{"rendered":"Tunesien: Zwei tunesische St\u00e4dte unter h\u00f6chster \u00f6kologischer Alarmstufe"},"content":{"rendered":"<p style=\"text-align: justify;\">Zwischen 2019 und 2024 ist die &ouml;kologische Bedrohung f&uuml;r Tunesien laut dem vom Institut f&uuml;r Wirtschaft und Frieden (IEP) ver&ouml;ffentlichten Bericht &uuml;ber die &ouml;kologische Bedrohung 2025 (ETR) eine der h&ouml;chsten unter 172 L&auml;ndern und Gebieten. Besonders bedroht sind die Gouvernorate Bizert&eacute; und Manouba.<!--more--><\/p>\n<p style=\"text-align: justify;\">Mit einem ETR-Gesamtwert von 2,604 hat Tunesien zwar nicht das &bdquo;schlechteste Ergebnis&rdquo; im Jahr 2024 eingefahren, das mit einem Wert von 4,420 Niger zuzuschreiben ist. Allerdings verzeichnete das Land die st&auml;rkste Verschlechterung des ETR-Gesamtwerts aller untersuchten L&auml;nder im Zeitraum 2019-2024.<\/p>\n<p style=\"text-align: justify;\">Der im Oktober 2025 ver&ouml;ffentlichte Bericht basiert auf der Bewertung von 3.125 subnationalen Gebieten in 172 L&auml;ndern und Territorien auf der Grundlage von Daten zu &ouml;kologischen Risiken.<\/p><div id=\"souss-108986883\" class=\"souss-inhalt souss-entity-placement\"><script async src=\"\/\/pagead2.googlesyndication.com\/pagead\/js\/adsbygoogle.js?client=ca-pub-8074179450971904\" crossorigin=\"anonymous\"><\/script><ins class=\"adsbygoogle\" style=\"display:block; text-align:center;\" data-ad-client=\"ca-pub-8074179450971904\" \ndata-ad-slot=\"\" \ndata-ad-layout=\"in-article\"\ndata-ad-format=\"fluid\"><\/ins>\n<script> \n(adsbygoogle = window.adsbygoogle || []).push({}); \n<\/script>\n<\/div>\n<p style=\"text-align: justify;\">Die starke Verschlechterung des tunesischen Wertes l&auml;sst sich haupts&auml;chlich durch drei Faktoren erkl&auml;ren: das erh&ouml;hte Wasserrisiko, den Basiseffekt von 2019 und Infrastrukturprobleme. Zu den genannten Ursachen z&auml;hlen ung&uuml;nstige klimatische Bedingungen wie anhaltende <a href=\"https:\/\/soussewetter.de\/meteo\/enzyklopaedie\/klima\/duerre\/\" target=\"_blank\" title=\"Eine meteorologische D&uuml;rre herrscht, wenn es mehrere Wochen lang nicht geregnet hat. Nach einer Weile hat das Land zu wenig Wasser, man spricht dann von einer landwirtschaftlichen D&uuml;rre. Wenn die Fl&uuml;sse und der Grundwasserspiegel sehr niedrig sind, spricht man von Wasserd&uuml;rre. Dieses Problem tritt &uuml;berall auf der Welt auf, vor allem aber in tropischen und subtropischen Gebieten wie Mexiko oder Indien, da dort die Temperaturen sehr hoch sind und das Wasser schneller verdunstet. Der Zustand der D&uuml;rre entspricht offiziell einer Situation, in der der Staat gezwungen ist, den Wasserverbrauch einzuschr&auml;nken und alternative Ressourcen zu finden. Nur dass die Definition des&hellip;\" class=\"encyclopedia\">D&uuml;rre<\/a>, hohe Temperaturen und zunehmend unregelm&auml;&szlig;ige Niederschl&auml;ge. Laut IEP folgten diese Bedingungen auf ein &bdquo;au&szlig;ergew&ouml;hnlich g&uuml;nstiges&rdquo; Jahr 2019, das als Referenz diente.<\/p>\n<p style=\"text-align: justify;\">Im Jahr 2024 wurden alle subnationalen Gebiete Tunesiens mit einem Gesamtwert von 2,754 f&uuml;r das Wasserrisiko als mittelgef&auml;hrdet eingestuft. Dennoch war in neun Gouvernoraten zwischen 2019 und 2024 ein deutlicher Anstieg der &ouml;kologischen Bedrohung zu verzeichnen. An der Spitze steht das Gouvernorat Manouba im Gro&szlig;raum Tunis, das weltweit den zweitst&auml;rksten Anstieg des &ouml;kologischen Risikos verzeichnete.<\/p><div id=\"souss-932591530\" class=\"souss-adsense-im-artikel-5 souss-entity-placement\"><script async src=\"\/\/pagead2.googlesyndication.com\/pagead\/js\/adsbygoogle.js?client=ca-pub-8074179450971904\" crossorigin=\"anonymous\"><\/script><ins class=\"adsbygoogle\" style=\"display:block; text-align:center;\" data-ad-client=\"ca-pub-8074179450971904\" \ndata-ad-slot=\"\" \ndata-ad-layout=\"in-article\"\ndata-ad-format=\"fluid\"><\/ins>\n<script> \n(adsbygoogle = window.adsbygoogle || []).push({}); \n<\/script>\n<\/div>\n<p style=\"text-align: justify;\">Laut IEP bleibt das Gouvernorat Bizerte auch 2024 das &ouml;kologisch am st&auml;rksten bedrohte Gouvernorat Tunesiens. Die Unterschiede zwischen den Gouvernoraten sind jedoch relativ gering, da alle ein mittleres Risikoniveau und eine &auml;hnliche Verschlechterung aufweisen. Manouba zeichnet sich lediglich durch eine etwas st&auml;rkere Verschlechterung aus, insbesondere hinsichtlich des Wasserrisikos und der Auswirkungen von Naturereignissen.<\/p>\n<p style=\"text-align: justify;\">Der Bericht betont auch, dass die Bev&ouml;lkerungsdichte ein Schl&uuml;sselfaktor bei der Bewertung des &ouml;kologischen Risikos ist. So liegen die am st&auml;rksten betroffenen Gouvernements im Norden und in den K&uuml;stengebieten, wo die Bev&ouml;lkerungsdichte hoch ist, was den Druck auf die Umwelt und die F&auml;higkeit der &Ouml;kosysteme, die Bev&ouml;lkerung zu versorgen, verst&auml;rkt.<\/p>\n<p style=\"text-align: justify;\">Die Verschlechterung der Wasserrisiken in Tunesien wird durch unzureichende und schlecht gewartete Infrastrukturen versch&auml;rft, wobei etwa 30 % der Wasserversorgung durch Leckagen verloren gehen. Der Druck durch D&uuml;rre und Hitze hat zu Wassereinschr&auml;nkungen gef&uuml;hrt, die f&uuml;r einige Einwohner manchmal mehr als zehn Stunden Unterbrechung bedeuten. Das tunesische Wasserobservatorium (OTE) hat im letzten Jahr mehr als 2.100 unangek&uuml;ndigte Unterbrechungen registriert.<\/p>\n<p style=\"text-align: justify;\">Dieser Trend in Tunesien ist Teil einer besorgniserregenden regionalen Entwicklung, da der Nahe Osten und Nordafrika zwischen 2019 und 2024 den st&auml;rksten Anstieg des &ouml;kologischen Risikos verzeichneten. Nordwestafrika, zu dem Tunesien, Algerien und Marokko geh&ouml;ren, verzeichnete eine starke Verschlechterung seines ETR-Wertes, insbesondere aufgrund der zunehmenden Wasserprobleme.<\/p>\n<p style=\"text-align: justify;\">Der globale ETR-Wert wird auf der Grundlage von vier miteinander verbundenen Bedrohungen berechnet: Wasserrisiko, Ern&auml;hrungsunsicherheit, Auswirkungen von Naturereignissen und Bev&ouml;lkerungsdruck.<\/p>\n<p style=\"text-align: justify;\">Das Institut f&uuml;r Wirtschaft und Frieden (IEP) mit Sitz in Sydney ist ein unabh&auml;ngiger Think Tank mit Niederlassungen in New York und mehreren anderen L&auml;ndern.<\/p>\n<p>Titelbild: Symbolfoto Strandverlust in Hammamet<\/p>\n<p style=\"text-align: justify;\">Quelle: <a href=\"https:\/\/www.lapresse.tn\/2025\/11\/12\/deux-villes-tunisiennes-en-alerte-ecologique-maximale\/\" target=\"_blank\" rel=\"noopener\">La Presse<\/a><\/p>\n<p>&nbsp;<\/p>\n","protected":false},"excerpt":{"rendered":"<p>Zwischen 2019 und 2024 ist die \u00f6kologische Bedrohung f\u00fcr Tunesien laut dem vom Institut f\u00fcr Wirtschaft und Frieden (IEP) ver\u00f6ffentlichten<\/p>\n","protected":false},"author":1,"featured_media":6218,"comment_status":"closed","ping_status":"closed","sticky":false,"template":"","format":"standard","meta":{"colormag_page_container_layout":"default_layout","colormag_page_sidebar_layout":"default_layout","footnotes":""},"categories":[616,308],"tags":[11,102,239,72,95,503,479,101],"class_list":["post-7544","post","type-post","status-publish","format-standard","has-post-thumbnail","hentry","category-klimawandel","category-wasserversorgung","tag-bizerte","tag-desertifikation","tag-duerre","tag-klimawandel","tag-manouba","tag-onagri","tag-trockenheit","tag-wuestenbildung"],"yoast_head":"<!-- This site is optimized with the Yoast SEO plugin v27.5 - https:\/\/yoast.com\/product\/yoast-seo-wordpress\/ -->\n<title>Tunesien: Zwei tunesische St\u00e4dte unter h\u00f6chster \u00f6kologischer Alarmstufe - Soussewetter.de<\/title>\n<meta name=\"description\" content=\"Zwischen 2019 und 2024 ist die \u00f6kologische Bedrohung f\u00fcr Tunesien eine der h\u00f6chsten unter 172 L\u00e4ndern und Gebieten.\" \/>\n<meta name=\"robots\" content=\"index, follow, max-snippet:-1, max-image-preview:large, max-video-preview:-1\" \/>\n<link rel=\"canonical\" href=\"https:\/\/soussewetter.de\/meteo\/2025\/11\/12\/tunesien-zwei-tunesische-staedte-unter-hoechster-oekologischer-alarmstufe\/\" \/>\n<meta property=\"og:locale\" content=\"de_DE\" \/>\n<meta property=\"og:type\" content=\"article\" \/>\n<meta property=\"og:title\" content=\"Tunesien: Zwei tunesische St\u00e4dte unter h\u00f6chster \u00f6kologischer Alarmstufe - Soussewetter.de\" \/>\n<meta property=\"og:description\" content=\"Zwischen 2019 und 2024 ist die \u00f6kologische Bedrohung f\u00fcr Tunesien eine der h\u00f6chsten unter 172 L\u00e4ndern und Gebieten.\" \/>\n<meta property=\"og:url\" content=\"https:\/\/soussewetter.de\/meteo\/2025\/11\/12\/tunesien-zwei-tunesische-staedte-unter-hoechster-oekologischer-alarmstufe\/\" \/>\n<meta property=\"og:site_name\" content=\"Soussewetter.de\" \/>\n<meta property=\"article:publisher\" content=\"https:\/\/www.facebook.com\/wetterstation.sousse\" \/>\n<meta property=\"article:published_time\" content=\"2025-11-12T21:17:02+00:00\" \/>\n<meta property=\"og:image\" content=\"https:\/\/soussewetter.de\/meteo\/wp-content\/uploads\/2024\/06\/800_hammamet_kein-strand.jpg\" \/>\n\t<meta property=\"og:image:width\" content=\"800\" \/>\n\t<meta property=\"og:image:height\" content=\"445\" \/>\n\t<meta property=\"og:image:type\" content=\"image\/jpeg\" \/>\n<meta name=\"author\" content=\"Wettermann\" \/>\n<meta name=\"twitter:card\" content=\"summary_large_image\" \/>\n<meta name=\"twitter:label1\" content=\"Verfasst von\" \/>\n\t<meta name=\"twitter:data1\" content=\"Wettermann\" \/>\n\t<meta name=\"twitter:label2\" content=\"Gesch\u00e4tzte Lesezeit\" \/>\n\t<meta name=\"twitter:data2\" content=\"3\u00a0Minuten\" \/>\n<script type=\"application\/ld+json\" class=\"yoast-schema-graph\">{\"@context\":\"https:\\\/\\\/schema.org\",\"@graph\":[{\"@type\":\"Article\",\"@id\":\"https:\\\/\\\/soussewetter.de\\\/meteo\\\/2025\\\/11\\\/12\\\/tunesien-zwei-tunesische-staedte-unter-hoechster-oekologischer-alarmstufe\\\/#article\",\"isPartOf\":{\"@id\":\"https:\\\/\\\/soussewetter.de\\\/meteo\\\/2025\\\/11\\\/12\\\/tunesien-zwei-tunesische-staedte-unter-hoechster-oekologischer-alarmstufe\\\/\"},\"author\":{\"name\":\"Wettermann\",\"@id\":\"https:\\\/\\\/soussewetter.de\\\/meteo\\\/#\\\/schema\\\/person\\\/7f913979e47327c0a24925ff22224e12\"},\"headline\":\"Tunesien: Zwei tunesische St\u00e4dte unter h\u00f6chster \u00f6kologischer Alarmstufe\",\"datePublished\":\"2025-11-12T21:17:02+00:00\",\"mainEntityOfPage\":{\"@id\":\"https:\\\/\\\/soussewetter.de\\\/meteo\\\/2025\\\/11\\\/12\\\/tunesien-zwei-tunesische-staedte-unter-hoechster-oekologischer-alarmstufe\\\/\"},\"wordCount\":517,\"publisher\":{\"@id\":\"https:\\\/\\\/soussewetter.de\\\/meteo\\\/#organization\"},\"image\":{\"@id\":\"https:\\\/\\\/soussewetter.de\\\/meteo\\\/2025\\\/11\\\/12\\\/tunesien-zwei-tunesische-staedte-unter-hoechster-oekologischer-alarmstufe\\\/#primaryimage\"},\"thumbnailUrl\":\"https:\\\/\\\/soussewetter.de\\\/meteo\\\/wp-content\\\/uploads\\\/2024\\\/06\\\/800_hammamet_kein-strand.jpg\",\"keywords\":[\"Bizert\u00e9\",\"Desertifikation\",\"D\u00fcrre\",\"Klimawandel\",\"Manouba\",\"ONAGRI\",\"Trockenheit\",\"W\u00fcstenbildung\"],\"articleSection\":[\"Klimawandel\",\"Wasserversorgung\"],\"inLanguage\":\"de\"},{\"@type\":\"WebPage\",\"@id\":\"https:\\\/\\\/soussewetter.de\\\/meteo\\\/2025\\\/11\\\/12\\\/tunesien-zwei-tunesische-staedte-unter-hoechster-oekologischer-alarmstufe\\\/\",\"url\":\"https:\\\/\\\/soussewetter.de\\\/meteo\\\/2025\\\/11\\\/12\\\/tunesien-zwei-tunesische-staedte-unter-hoechster-oekologischer-alarmstufe\\\/\",\"name\":\"Tunesien: Zwei tunesische St\u00e4dte unter h\u00f6chster \u00f6kologischer Alarmstufe - Soussewetter.de\",\"isPartOf\":{\"@id\":\"https:\\\/\\\/soussewetter.de\\\/meteo\\\/#website\"},\"primaryImageOfPage\":{\"@id\":\"https:\\\/\\\/soussewetter.de\\\/meteo\\\/2025\\\/11\\\/12\\\/tunesien-zwei-tunesische-staedte-unter-hoechster-oekologischer-alarmstufe\\\/#primaryimage\"},\"image\":{\"@id\":\"https:\\\/\\\/soussewetter.de\\\/meteo\\\/2025\\\/11\\\/12\\\/tunesien-zwei-tunesische-staedte-unter-hoechster-oekologischer-alarmstufe\\\/#primaryimage\"},\"thumbnailUrl\":\"https:\\\/\\\/soussewetter.de\\\/meteo\\\/wp-content\\\/uploads\\\/2024\\\/06\\\/800_hammamet_kein-strand.jpg\",\"datePublished\":\"2025-11-12T21:17:02+00:00\",\"description\":\"Zwischen 2019 und 2024 ist die \u00f6kologische Bedrohung f\u00fcr Tunesien eine der h\u00f6chsten unter 172 L\u00e4ndern und Gebieten.\",\"breadcrumb\":{\"@id\":\"https:\\\/\\\/soussewetter.de\\\/meteo\\\/2025\\\/11\\\/12\\\/tunesien-zwei-tunesische-staedte-unter-hoechster-oekologischer-alarmstufe\\\/#breadcrumb\"},\"inLanguage\":\"de\",\"potentialAction\":[{\"@type\":\"ReadAction\",\"target\":[\"https:\\\/\\\/soussewetter.de\\\/meteo\\\/2025\\\/11\\\/12\\\/tunesien-zwei-tunesische-staedte-unter-hoechster-oekologischer-alarmstufe\\\/\"]}]},{\"@type\":\"ImageObject\",\"inLanguage\":\"de\",\"@id\":\"https:\\\/\\\/soussewetter.de\\\/meteo\\\/2025\\\/11\\\/12\\\/tunesien-zwei-tunesische-staedte-unter-hoechster-oekologischer-alarmstufe\\\/#primaryimage\",\"url\":\"https:\\\/\\\/soussewetter.de\\\/meteo\\\/wp-content\\\/uploads\\\/2024\\\/06\\\/800_hammamet_kein-strand.jpg\",\"contentUrl\":\"https:\\\/\\\/soussewetter.de\\\/meteo\\\/wp-content\\\/uploads\\\/2024\\\/06\\\/800_hammamet_kein-strand.jpg\",\"width\":800,\"height\":445,\"caption\":\"Tunesien k\u00f6nnte bis 2050 250 Quadratkilometer seiner K\u00fcsten verlieren\"},{\"@type\":\"BreadcrumbList\",\"@id\":\"https:\\\/\\\/soussewetter.de\\\/meteo\\\/2025\\\/11\\\/12\\\/tunesien-zwei-tunesische-staedte-unter-hoechster-oekologischer-alarmstufe\\\/#breadcrumb\",\"itemListElement\":[{\"@type\":\"ListItem\",\"position\":1,\"name\":\"Startseite\",\"item\":\"https:\\\/\\\/soussewetter.de\\\/meteo\\\/\"},{\"@type\":\"ListItem\",\"position\":2,\"name\":\"Klima\",\"item\":\"https:\\\/\\\/soussewetter.de\\\/meteo\\\/category\\\/klima\\\/\"},{\"@type\":\"ListItem\",\"position\":3,\"name\":\"Klimawandel\",\"item\":\"https:\\\/\\\/soussewetter.de\\\/meteo\\\/category\\\/klima\\\/klimawandel\\\/\"},{\"@type\":\"ListItem\",\"position\":4,\"name\":\"Tunesien: Zwei tunesische St\u00e4dte unter h\u00f6chster \u00f6kologischer Alarmstufe\"}]},{\"@type\":\"WebSite\",\"@id\":\"https:\\\/\\\/soussewetter.de\\\/meteo\\\/#website\",\"url\":\"https:\\\/\\\/soussewetter.de\\\/meteo\\\/\",\"name\":\"Soussewetter.de\",\"description\":\"Rund um das Wetter in Tunesien\",\"publisher\":{\"@id\":\"https:\\\/\\\/soussewetter.de\\\/meteo\\\/#organization\"},\"alternateName\":\"Wetterstation Akouda\\\/Sousse\",\"potentialAction\":[{\"@type\":\"SearchAction\",\"target\":{\"@type\":\"EntryPoint\",\"urlTemplate\":\"https:\\\/\\\/soussewetter.de\\\/meteo\\\/?s={search_term_string}\"},\"query-input\":{\"@type\":\"PropertyValueSpecification\",\"valueRequired\":true,\"valueName\":\"search_term_string\"}}],\"inLanguage\":\"de\"},{\"@type\":\"Organization\",\"@id\":\"https:\\\/\\\/soussewetter.de\\\/meteo\\\/#organization\",\"name\":\"Wetterstation Akouda\",\"alternateName\":\"soussewetter.de\",\"url\":\"https:\\\/\\\/soussewetter.de\\\/meteo\\\/\",\"logo\":{\"@type\":\"ImageObject\",\"inLanguage\":\"de\",\"@id\":\"https:\\\/\\\/soussewetter.de\\\/meteo\\\/#\\\/schema\\\/logo\\\/image\\\/\",\"url\":\"https:\\\/\\\/soussewetter.de\\\/meteo\\\/wp-content\\\/uploads\\\/2018\\\/10\\\/cropped-windmesser_800x332.jpg\",\"contentUrl\":\"https:\\\/\\\/soussewetter.de\\\/meteo\\\/wp-content\\\/uploads\\\/2018\\\/10\\\/cropped-windmesser_800x332.jpg\",\"width\":512,\"height\":512,\"caption\":\"Wetterstation Akouda\"},\"image\":{\"@id\":\"https:\\\/\\\/soussewetter.de\\\/meteo\\\/#\\\/schema\\\/logo\\\/image\\\/\"},\"sameAs\":[\"https:\\\/\\\/www.facebook.com\\\/wetterstation.sousse\"]},{\"@type\":\"Person\",\"@id\":\"https:\\\/\\\/soussewetter.de\\\/meteo\\\/#\\\/schema\\\/person\\\/7f913979e47327c0a24925ff22224e12\",\"name\":\"Wettermann\"}]}<\/script>\n<!-- \/ Yoast SEO plugin. -->","yoast_head_json":{"title":"Tunesien: Zwei tunesische St\u00e4dte unter h\u00f6chster \u00f6kologischer Alarmstufe - Soussewetter.de","description":"Zwischen 2019 und 2024 ist die \u00f6kologische Bedrohung f\u00fcr Tunesien eine der h\u00f6chsten unter 172 L\u00e4ndern und Gebieten.","robots":{"index":"index","follow":"follow","max-snippet":"max-snippet:-1","max-image-preview":"max-image-preview:large","max-video-preview":"max-video-preview:-1"},"canonical":"https:\/\/soussewetter.de\/meteo\/2025\/11\/12\/tunesien-zwei-tunesische-staedte-unter-hoechster-oekologischer-alarmstufe\/","og_locale":"de_DE","og_type":"article","og_title":"Tunesien: Zwei tunesische St\u00e4dte unter h\u00f6chster \u00f6kologischer Alarmstufe - Soussewetter.de","og_description":"Zwischen 2019 und 2024 ist die \u00f6kologische Bedrohung f\u00fcr Tunesien eine der h\u00f6chsten unter 172 L\u00e4ndern und Gebieten.","og_url":"https:\/\/soussewetter.de\/meteo\/2025\/11\/12\/tunesien-zwei-tunesische-staedte-unter-hoechster-oekologischer-alarmstufe\/","og_site_name":"Soussewetter.de","article_publisher":"https:\/\/www.facebook.com\/wetterstation.sousse","article_published_time":"2025-11-12T21:17:02+00:00","og_image":[{"width":800,"height":445,"url":"https:\/\/soussewetter.de\/meteo\/wp-content\/uploads\/2024\/06\/800_hammamet_kein-strand.jpg","type":"image\/jpeg"}],"author":"Wettermann","twitter_card":"summary_large_image","twitter_misc":{"Verfasst von":"Wettermann","Gesch\u00e4tzte Lesezeit":"3\u00a0Minuten"},"schema":{"@context":"https:\/\/schema.org","@graph":[{"@type":"Article","@id":"https:\/\/soussewetter.de\/meteo\/2025\/11\/12\/tunesien-zwei-tunesische-staedte-unter-hoechster-oekologischer-alarmstufe\/#article","isPartOf":{"@id":"https:\/\/soussewetter.de\/meteo\/2025\/11\/12\/tunesien-zwei-tunesische-staedte-unter-hoechster-oekologischer-alarmstufe\/"},"author":{"name":"Wettermann","@id":"https:\/\/soussewetter.de\/meteo\/#\/schema\/person\/7f913979e47327c0a24925ff22224e12"},"headline":"Tunesien: Zwei tunesische St\u00e4dte unter h\u00f6chster \u00f6kologischer Alarmstufe","datePublished":"2025-11-12T21:17:02+00:00","mainEntityOfPage":{"@id":"https:\/\/soussewetter.de\/meteo\/2025\/11\/12\/tunesien-zwei-tunesische-staedte-unter-hoechster-oekologischer-alarmstufe\/"},"wordCount":517,"publisher":{"@id":"https:\/\/soussewetter.de\/meteo\/#organization"},"image":{"@id":"https:\/\/soussewetter.de\/meteo\/2025\/11\/12\/tunesien-zwei-tunesische-staedte-unter-hoechster-oekologischer-alarmstufe\/#primaryimage"},"thumbnailUrl":"https:\/\/soussewetter.de\/meteo\/wp-content\/uploads\/2024\/06\/800_hammamet_kein-strand.jpg","keywords":["Bizert\u00e9","Desertifikation","D\u00fcrre","Klimawandel","Manouba","ONAGRI","Trockenheit","W\u00fcstenbildung"],"articleSection":["Klimawandel","Wasserversorgung"],"inLanguage":"de"},{"@type":"WebPage","@id":"https:\/\/soussewetter.de\/meteo\/2025\/11\/12\/tunesien-zwei-tunesische-staedte-unter-hoechster-oekologischer-alarmstufe\/","url":"https:\/\/soussewetter.de\/meteo\/2025\/11\/12\/tunesien-zwei-tunesische-staedte-unter-hoechster-oekologischer-alarmstufe\/","name":"Tunesien: Zwei tunesische St\u00e4dte unter h\u00f6chster \u00f6kologischer Alarmstufe - Soussewetter.de","isPartOf":{"@id":"https:\/\/soussewetter.de\/meteo\/#website"},"primaryImageOfPage":{"@id":"https:\/\/soussewetter.de\/meteo\/2025\/11\/12\/tunesien-zwei-tunesische-staedte-unter-hoechster-oekologischer-alarmstufe\/#primaryimage"},"image":{"@id":"https:\/\/soussewetter.de\/meteo\/2025\/11\/12\/tunesien-zwei-tunesische-staedte-unter-hoechster-oekologischer-alarmstufe\/#primaryimage"},"thumbnailUrl":"https:\/\/soussewetter.de\/meteo\/wp-content\/uploads\/2024\/06\/800_hammamet_kein-strand.jpg","datePublished":"2025-11-12T21:17:02+00:00","description":"Zwischen 2019 und 2024 ist die \u00f6kologische Bedrohung f\u00fcr Tunesien eine der h\u00f6chsten unter 172 L\u00e4ndern und Gebieten.","breadcrumb":{"@id":"https:\/\/soussewetter.de\/meteo\/2025\/11\/12\/tunesien-zwei-tunesische-staedte-unter-hoechster-oekologischer-alarmstufe\/#breadcrumb"},"inLanguage":"de","potentialAction":[{"@type":"ReadAction","target":["https:\/\/soussewetter.de\/meteo\/2025\/11\/12\/tunesien-zwei-tunesische-staedte-unter-hoechster-oekologischer-alarmstufe\/"]}]},{"@type":"ImageObject","inLanguage":"de","@id":"https:\/\/soussewetter.de\/meteo\/2025\/11\/12\/tunesien-zwei-tunesische-staedte-unter-hoechster-oekologischer-alarmstufe\/#primaryimage","url":"https:\/\/soussewetter.de\/meteo\/wp-content\/uploads\/2024\/06\/800_hammamet_kein-strand.jpg","contentUrl":"https:\/\/soussewetter.de\/meteo\/wp-content\/uploads\/2024\/06\/800_hammamet_kein-strand.jpg","width":800,"height":445,"caption":"Tunesien k\u00f6nnte bis 2050 250 Quadratkilometer seiner K\u00fcsten verlieren"},{"@type":"BreadcrumbList","@id":"https:\/\/soussewetter.de\/meteo\/2025\/11\/12\/tunesien-zwei-tunesische-staedte-unter-hoechster-oekologischer-alarmstufe\/#breadcrumb","itemListElement":[{"@type":"ListItem","position":1,"name":"Startseite","item":"https:\/\/soussewetter.de\/meteo\/"},{"@type":"ListItem","position":2,"name":"Klima","item":"https:\/\/soussewetter.de\/meteo\/category\/klima\/"},{"@type":"ListItem","position":3,"name":"Klimawandel","item":"https:\/\/soussewetter.de\/meteo\/category\/klima\/klimawandel\/"},{"@type":"ListItem","position":4,"name":"Tunesien: Zwei tunesische St\u00e4dte unter h\u00f6chster \u00f6kologischer Alarmstufe"}]},{"@type":"WebSite","@id":"https:\/\/soussewetter.de\/meteo\/#website","url":"https:\/\/soussewetter.de\/meteo\/","name":"Soussewetter.de","description":"Rund um das Wetter in Tunesien","publisher":{"@id":"https:\/\/soussewetter.de\/meteo\/#organization"},"alternateName":"Wetterstation Akouda\/Sousse","potentialAction":[{"@type":"SearchAction","target":{"@type":"EntryPoint","urlTemplate":"https:\/\/soussewetter.de\/meteo\/?s={search_term_string}"},"query-input":{"@type":"PropertyValueSpecification","valueRequired":true,"valueName":"search_term_string"}}],"inLanguage":"de"},{"@type":"Organization","@id":"https:\/\/soussewetter.de\/meteo\/#organization","name":"Wetterstation Akouda","alternateName":"soussewetter.de","url":"https:\/\/soussewetter.de\/meteo\/","logo":{"@type":"ImageObject","inLanguage":"de","@id":"https:\/\/soussewetter.de\/meteo\/#\/schema\/logo\/image\/","url":"https:\/\/soussewetter.de\/meteo\/wp-content\/uploads\/2018\/10\/cropped-windmesser_800x332.jpg","contentUrl":"https:\/\/soussewetter.de\/meteo\/wp-content\/uploads\/2018\/10\/cropped-windmesser_800x332.jpg","width":512,"height":512,"caption":"Wetterstation Akouda"},"image":{"@id":"https:\/\/soussewetter.de\/meteo\/#\/schema\/logo\/image\/"},"sameAs":["https:\/\/www.facebook.com\/wetterstation.sousse"]},{"@type":"Person","@id":"https:\/\/soussewetter.de\/meteo\/#\/schema\/person\/7f913979e47327c0a24925ff22224e12","name":"Wettermann"}]}},"_links":{"self":[{"href":"https:\/\/soussewetter.de\/meteo\/wp-json\/wp\/v2\/posts\/7544","targetHints":{"allow":["GET"]}}],"collection":[{"href":"https:\/\/soussewetter.de\/meteo\/wp-json\/wp\/v2\/posts"}],"about":[{"href":"https:\/\/soussewetter.de\/meteo\/wp-json\/wp\/v2\/types\/post"}],"author":[{"embeddable":true,"href":"https:\/\/soussewetter.de\/meteo\/wp-json\/wp\/v2\/users\/1"}],"replies":[{"embeddable":true,"href":"https:\/\/soussewetter.de\/meteo\/wp-json\/wp\/v2\/comments?post=7544"}],"version-history":[{"count":2,"href":"https:\/\/soussewetter.de\/meteo\/wp-json\/wp\/v2\/posts\/7544\/revisions"}],"predecessor-version":[{"id":7546,"href":"https:\/\/soussewetter.de\/meteo\/wp-json\/wp\/v2\/posts\/7544\/revisions\/7546"}],"wp:featuredmedia":[{"embeddable":true,"href":"https:\/\/soussewetter.de\/meteo\/wp-json\/wp\/v2\/media\/6218"}],"wp:attachment":[{"href":"https:\/\/soussewetter.de\/meteo\/wp-json\/wp\/v2\/media?parent=7544"}],"wp:term":[{"taxonomy":"category","embeddable":true,"href":"https:\/\/soussewetter.de\/meteo\/wp-json\/wp\/v2\/categories?post=7544"},{"taxonomy":"post_tag","embeddable":true,"href":"https:\/\/soussewetter.de\/meteo\/wp-json\/wp\/v2\/tags?post=7544"}],"curies":[{"name":"wp","href":"https:\/\/api.w.org\/{rel}","templated":true}]}}