{"id":8196,"date":"2026-09-03T19:35:57","date_gmt":"2026-09-03T18:35:57","guid":{"rendered":"https:\/\/soussewetter.de\/meteo\/?post_type=herodotus_post&#038;p=8196"},"modified":"2026-09-03T19:35:57","modified_gmt":"2026-09-03T18:35:57","slug":"erdbeben-der-staerke-m3-12-suedoestlich-von-jendouba-und-noerdlich-von-el-kef","status":"publish","type":"herodotus_post","link":"https:\/\/soussewetter.de\/meteo\/herodotus\/erdbeben-der-staerke-m3-12-suedoestlich-von-jendouba-und-noerdlich-von-el-kef\/","title":{"rendered":"Erdbeben der St\u00e4rke M3.12 s\u00fcd\u00f6stlich von Jendouba und n\u00f6rdlich von El Kef"},"content":{"rendered":"<p style=\"text-align: justify;\">Die Erdbeben-\u00dcberwachungsstationen des Nationalen Instituts f\u00fcr Meteorologie (INM) zeichnen am 1 Sep 2020 um 9.19 Uhr lokaler Zeit ein\u00a0<a href=\"https:\/\/soussewetter.de\/meteo\/2020\/09\/01\/1-sep-2020-erdbeben-zwischen-kef-und-jendouba-m3-12\/\" target=\"_blank\" rel=\"noopener\">Erdbeben der St\u00e4rke M3.12<\/a>\u00a0auf, dessen\u00a0Epizentrum\u00a0nach vorl\u00e4ufigen Messungen s\u00fcd\u00f6stlich von Jendouba und n\u00f6rdlich von El Kef bei 36.42 Grad n\u00f6rdlicher Breite und 8.68 Grad \u00f6stlicher L\u00e4nge lag.<\/p>\n","protected":false},"excerpt":{"rendered":"<p>Die Erdbeben-\u00dcberwachungsstationen des Nationalen Instituts f\u00fcr Meteorologie (INM) zeichnen am 1 Sep 2020 um 9.19 Uhr lokaler Zeit ein\u00a0Erdbeben der<\/p>\n","protected":false},"featured_media":0,"template":"","format":"standard","tags":[39,12,45],"herodotus_category":[987],"class_list":["post-8196","herodotus_post","type-herodotus_post","status-publish","format-standard","hentry","tag-erdbeben","tag-jendouba","tag-kef","herodotus_category-seismologie"],"yoast_head":"<!-- This site is optimized with the Yoast SEO plugin v28.4 - https:\/\/yoast.com\/product\/yoast-seo-wordpress\/ -->\n<title>Erdbeben der St\u00e4rke M3.12 s\u00fcd\u00f6stlich von Jendouba und n\u00f6rdlich von El Kef - Soussewetter.de<\/title>\n<meta name=\"description\" content=\"Die Erdbeben-\u00dcberwachungsstationen des Nationalen Instituts f\u00fcr Meteorologie (INM) zeichnen am 1 Sep 2020 um 9.19 Uhr lokaler Zeit ein\u00a0Erdbeben der St\u00e4rke M3.12\u00a0auf\" \/>\n<meta name=\"robots\" content=\"index, follow, max-snippet:-1, max-image-preview:large, max-video-preview:-1\" \/>\n<link rel=\"canonical\" href=\"https:\/\/soussewetter.de\/meteo\/herodotus\/erdbeben-der-staerke-m3-12-suedoestlich-von-jendouba-und-noerdlich-von-el-kef\/\" \/>\n<meta property=\"og:locale\" content=\"de_DE\" \/>\n<meta property=\"og:type\" content=\"article\" \/>\n<meta property=\"og:title\" content=\"Erdbeben der St\u00e4rke M3.12 s\u00fcd\u00f6stlich von Jendouba und n\u00f6rdlich von El Kef - Soussewetter.de\" \/>\n<meta property=\"og:description\" content=\"Die Erdbeben-\u00dcberwachungsstationen des Nationalen Instituts f\u00fcr Meteorologie (INM) zeichnen am 1 Sep 2020 um 9.19 Uhr lokaler Zeit ein\u00a0Erdbeben der St\u00e4rke M3.12\u00a0auf\" \/>\n<meta property=\"og:url\" content=\"https:\/\/soussewetter.de\/meteo\/herodotus\/erdbeben-der-staerke-m3-12-suedoestlich-von-jendouba-und-noerdlich-von-el-kef\/\" \/>\n<meta property=\"og:site_name\" content=\"Soussewetter.de\" \/>\n<meta property=\"article:publisher\" content=\"https:\/\/www.facebook.com\/wetterstation.sousse\" \/>\n<meta name=\"twitter:card\" content=\"summary_large_image\" \/>\n<meta name=\"twitter:label1\" content=\"Gesch\u00e4tzte Lesezeit\" \/>\n\t<meta name=\"twitter:data1\" content=\"1\u00a0Minute\" \/>\n<script type=\"application\/ld+json\" class=\"yoast-schema-graph\">{\"@context\":\"https:\\\/\\\/schema.org\",\"@graph\":[{\"@type\":\"WebPage\",\"@id\":\"https:\\\/\\\/soussewetter.de\\\/meteo\\\/herodotus\\\/erdbeben-der-staerke-m3-12-suedoestlich-von-jendouba-und-noerdlich-von-el-kef\\\/\",\"url\":\"https:\\\/\\\/soussewetter.de\\\/meteo\\\/herodotus\\\/erdbeben-der-staerke-m3-12-suedoestlich-von-jendouba-und-noerdlich-von-el-kef\\\/\",\"name\":\"Erdbeben der St\u00e4rke M3.12 s\u00fcd\u00f6stlich von Jendouba und n\u00f6rdlich von El Kef - Soussewetter.de\",\"isPartOf\":{\"@id\":\"https:\\\/\\\/soussewetter.de\\\/meteo\\\/#website\"},\"datePublished\":\"2026-09-03T18:35:57+00:00\",\"description\":\"Die Erdbeben-\u00dcberwachungsstationen des Nationalen Instituts f\u00fcr Meteorologie (INM) zeichnen am 1 Sep 2020 um 9.19 Uhr lokaler Zeit ein\u00a0Erdbeben der St\u00e4rke M3.12\u00a0auf\",\"breadcrumb\":{\"@id\":\"https:\\\/\\\/soussewetter.de\\\/meteo\\\/herodotus\\\/erdbeben-der-staerke-m3-12-suedoestlich-von-jendouba-und-noerdlich-von-el-kef\\\/#breadcrumb\"},\"inLanguage\":\"de\",\"potentialAction\":[{\"@type\":\"ReadAction\",\"target\":[\"https:\\\/\\\/soussewetter.de\\\/meteo\\\/herodotus\\\/erdbeben-der-staerke-m3-12-suedoestlich-von-jendouba-und-noerdlich-von-el-kef\\\/\"]}]},{\"@type\":\"BreadcrumbList\",\"@id\":\"https:\\\/\\\/soussewetter.de\\\/meteo\\\/herodotus\\\/erdbeben-der-staerke-m3-12-suedoestlich-von-jendouba-und-noerdlich-von-el-kef\\\/#breadcrumb\",\"itemListElement\":[{\"@type\":\"ListItem\",\"position\":1,\"name\":\"Startseite\",\"item\":\"https:\\\/\\\/soussewetter.de\\\/meteo\\\/\"},{\"@type\":\"ListItem\",\"position\":2,\"name\":\"Herodotus Posts\",\"item\":\"https:\\\/\\\/soussewetter.de\\\/meteo\\\/herodotus\\\/\"},{\"@type\":\"ListItem\",\"position\":3,\"name\":\"Erdbeben der St\u00e4rke M3.12 s\u00fcd\u00f6stlich von Jendouba und n\u00f6rdlich von El Kef\"}]},{\"@type\":\"WebSite\",\"@id\":\"https:\\\/\\\/soussewetter.de\\\/meteo\\\/#website\",\"url\":\"https:\\\/\\\/soussewetter.de\\\/meteo\\\/\",\"name\":\"Soussewetter.de\",\"description\":\"Rund um das Wetter in Tunesien\",\"publisher\":{\"@id\":\"https:\\\/\\\/soussewetter.de\\\/meteo\\\/#organization\"},\"alternateName\":\"Wetterstation Akouda\\\/Sousse\",\"potentialAction\":[{\"@type\":\"SearchAction\",\"target\":{\"@type\":\"EntryPoint\",\"urlTemplate\":\"https:\\\/\\\/soussewetter.de\\\/meteo\\\/?s={search_term_string}\"},\"query-input\":{\"@type\":\"PropertyValueSpecification\",\"valueRequired\":true,\"valueName\":\"search_term_string\"}}],\"inLanguage\":\"de\"},{\"@type\":\"Organization\",\"@id\":\"https:\\\/\\\/soussewetter.de\\\/meteo\\\/#organization\",\"name\":\"Wetterstation Akouda\",\"alternateName\":\"soussewetter.de\",\"url\":\"https:\\\/\\\/soussewetter.de\\\/meteo\\\/\",\"logo\":{\"@type\":\"ImageObject\",\"inLanguage\":\"de\",\"@id\":\"https:\\\/\\\/soussewetter.de\\\/meteo\\\/#\\\/schema\\\/logo\\\/image\\\/\",\"url\":\"https:\\\/\\\/soussewetter.de\\\/meteo\\\/wp-content\\\/uploads\\\/2018\\\/10\\\/cropped-windmesser_800x332.jpg\",\"contentUrl\":\"https:\\\/\\\/soussewetter.de\\\/meteo\\\/wp-content\\\/uploads\\\/2018\\\/10\\\/cropped-windmesser_800x332.jpg\",\"width\":512,\"height\":512,\"caption\":\"Wetterstation Akouda\"},\"image\":{\"@id\":\"https:\\\/\\\/soussewetter.de\\\/meteo\\\/#\\\/schema\\\/logo\\\/image\\\/\"},\"sameAs\":[\"https:\\\/\\\/www.facebook.com\\\/wetterstation.sousse\"]}]}<\/script>\n<!-- \/ Yoast SEO plugin. -->","yoast_head_json":{"title":"Erdbeben der St\u00e4rke M3.12 s\u00fcd\u00f6stlich von Jendouba und n\u00f6rdlich von El Kef - Soussewetter.de","description":"Die Erdbeben-\u00dcberwachungsstationen des Nationalen Instituts f\u00fcr Meteorologie (INM) zeichnen am 1 Sep 2020 um 9.19 Uhr lokaler Zeit ein\u00a0Erdbeben der St\u00e4rke M3.12\u00a0auf","robots":{"index":"index","follow":"follow","max-snippet":"max-snippet:-1","max-image-preview":"max-image-preview:large","max-video-preview":"max-video-preview:-1"},"canonical":"https:\/\/soussewetter.de\/meteo\/herodotus\/erdbeben-der-staerke-m3-12-suedoestlich-von-jendouba-und-noerdlich-von-el-kef\/","og_locale":"de_DE","og_type":"article","og_title":"Erdbeben der St\u00e4rke M3.12 s\u00fcd\u00f6stlich von Jendouba und n\u00f6rdlich von El Kef - Soussewetter.de","og_description":"Die Erdbeben-\u00dcberwachungsstationen des Nationalen Instituts f\u00fcr Meteorologie (INM) zeichnen am 1 Sep 2020 um 9.19 Uhr lokaler Zeit ein\u00a0Erdbeben der St\u00e4rke M3.12\u00a0auf","og_url":"https:\/\/soussewetter.de\/meteo\/herodotus\/erdbeben-der-staerke-m3-12-suedoestlich-von-jendouba-und-noerdlich-von-el-kef\/","og_site_name":"Soussewetter.de","article_publisher":"https:\/\/www.facebook.com\/wetterstation.sousse","twitter_card":"summary_large_image","twitter_misc":{"Gesch\u00e4tzte Lesezeit":"1\u00a0Minute"},"schema":{"@context":"https:\/\/schema.org","@graph":[{"@type":"WebPage","@id":"https:\/\/soussewetter.de\/meteo\/herodotus\/erdbeben-der-staerke-m3-12-suedoestlich-von-jendouba-und-noerdlich-von-el-kef\/","url":"https:\/\/soussewetter.de\/meteo\/herodotus\/erdbeben-der-staerke-m3-12-suedoestlich-von-jendouba-und-noerdlich-von-el-kef\/","name":"Erdbeben der St\u00e4rke M3.12 s\u00fcd\u00f6stlich von Jendouba und n\u00f6rdlich von El Kef - Soussewetter.de","isPartOf":{"@id":"https:\/\/soussewetter.de\/meteo\/#website"},"datePublished":"2026-09-03T18:35:57+00:00","description":"Die Erdbeben-\u00dcberwachungsstationen des Nationalen Instituts f\u00fcr Meteorologie (INM) zeichnen am 1 Sep 2020 um 9.19 Uhr lokaler Zeit ein\u00a0Erdbeben der St\u00e4rke M3.12\u00a0auf","breadcrumb":{"@id":"https:\/\/soussewetter.de\/meteo\/herodotus\/erdbeben-der-staerke-m3-12-suedoestlich-von-jendouba-und-noerdlich-von-el-kef\/#breadcrumb"},"inLanguage":"de","potentialAction":[{"@type":"ReadAction","target":["https:\/\/soussewetter.de\/meteo\/herodotus\/erdbeben-der-staerke-m3-12-suedoestlich-von-jendouba-und-noerdlich-von-el-kef\/"]}]},{"@type":"BreadcrumbList","@id":"https:\/\/soussewetter.de\/meteo\/herodotus\/erdbeben-der-staerke-m3-12-suedoestlich-von-jendouba-und-noerdlich-von-el-kef\/#breadcrumb","itemListElement":[{"@type":"ListItem","position":1,"name":"Startseite","item":"https:\/\/soussewetter.de\/meteo\/"},{"@type":"ListItem","position":2,"name":"Herodotus Posts","item":"https:\/\/soussewetter.de\/meteo\/herodotus\/"},{"@type":"ListItem","position":3,"name":"Erdbeben der St\u00e4rke M3.12 s\u00fcd\u00f6stlich von Jendouba und n\u00f6rdlich von El Kef"}]},{"@type":"WebSite","@id":"https:\/\/soussewetter.de\/meteo\/#website","url":"https:\/\/soussewetter.de\/meteo\/","name":"Soussewetter.de","description":"Rund um das Wetter in Tunesien","publisher":{"@id":"https:\/\/soussewetter.de\/meteo\/#organization"},"alternateName":"Wetterstation Akouda\/Sousse","potentialAction":[{"@type":"SearchAction","target":{"@type":"EntryPoint","urlTemplate":"https:\/\/soussewetter.de\/meteo\/?s={search_term_string}"},"query-input":{"@type":"PropertyValueSpecification","valueRequired":true,"valueName":"search_term_string"}}],"inLanguage":"de"},{"@type":"Organization","@id":"https:\/\/soussewetter.de\/meteo\/#organization","name":"Wetterstation Akouda","alternateName":"soussewetter.de","url":"https:\/\/soussewetter.de\/meteo\/","logo":{"@type":"ImageObject","inLanguage":"de","@id":"https:\/\/soussewetter.de\/meteo\/#\/schema\/logo\/image\/","url":"https:\/\/soussewetter.de\/meteo\/wp-content\/uploads\/2018\/10\/cropped-windmesser_800x332.jpg","contentUrl":"https:\/\/soussewetter.de\/meteo\/wp-content\/uploads\/2018\/10\/cropped-windmesser_800x332.jpg","width":512,"height":512,"caption":"Wetterstation Akouda"},"image":{"@id":"https:\/\/soussewetter.de\/meteo\/#\/schema\/logo\/image\/"},"sameAs":["https:\/\/www.facebook.com\/wetterstation.sousse"]}]}},"_links":{"self":[{"href":"https:\/\/soussewetter.de\/meteo\/wp-json\/wp\/v2\/herodotus_post\/8196","targetHints":{"allow":["GET"]}}],"collection":[{"href":"https:\/\/soussewetter.de\/meteo\/wp-json\/wp\/v2\/herodotus_post"}],"about":[{"href":"https:\/\/soussewetter.de\/meteo\/wp-json\/wp\/v2\/types\/herodotus_post"}],"wp:attachment":[{"href":"https:\/\/soussewetter.de\/meteo\/wp-json\/wp\/v2\/media?parent=8196"}],"wp:term":[{"taxonomy":"post_tag","embeddable":true,"href":"https:\/\/soussewetter.de\/meteo\/wp-json\/wp\/v2\/tags?post=8196"},{"taxonomy":"herodotus_category","embeddable":true,"href":"https:\/\/soussewetter.de\/meteo\/wp-json\/wp\/v2\/herodotus_category?post=8196"}],"curies":[{"name":"wp","href":"https:\/\/api.w.org\/{rel}","templated":true}]}}